[{"@context":"https:\/\/schema.org\/","@type":"Article","@id":"https:\/\/www.equum.cz\/v-dnesni-dobe-moderni-a-velmi-elegantni\/#Article","mainEntityOfPage":"https:\/\/www.equum.cz\/v-dnesni-dobe-moderni-a-velmi-elegantni\/","headline":"V\u00a0dne\u0161n\u00ed dob\u011b modern\u00ed a velmi elegantn\u00ed","name":"V\u00a0dne\u0161n\u00ed dob\u011b modern\u00ed a velmi elegantn\u00ed","description":"Dnes pat\u0159\u00ed sp\u00ed\u0161e mezi rarity, ale najdou se i tac\u00ed, kte\u0159\u00ed hlin\u00edkov\u00e1 okna vlastn\u00ed a ti&#46;&#46;&#46;","datePublished":"2025-01-12","dateModified":"2025-01-12","author":{"@type":"Person","@id":"https:\/\/www.equum.cz\/author\/#Person","name":"","url":"https:\/\/www.equum.cz\/author\/","identifier":1,"image":{"@type":"ImageObject","@id":"https:\/\/secure.gravatar.com\/avatar\/8eaf08ef5a7e54fc91db02b2058b03bc913caaaa39c046819bbf43d06bd23c2b?s=96&d=mm&r=g","url":"https:\/\/secure.gravatar.com\/avatar\/8eaf08ef5a7e54fc91db02b2058b03bc913caaaa39c046819bbf43d06bd23c2b?s=96&d=mm&r=g","height":96,"width":96}},"publisher":{"@type":"Organization","name":"equum.cz","logo":{"@type":"ImageObject","@id":"\/logo.png","url":"\/logo.png","width":600,"height":60}},"url":"https:\/\/www.equum.cz\/v-dnesni-dobe-moderni-a-velmi-elegantni\/","wordCount":239,"articleBody":"Dnes pat\u0159\u00ed sp\u00ed\u0161e mezi rarity, ale najdou se i tac\u00ed, kte\u0159\u00ed hlin\u00edkov\u00e1 okna vlastn\u00ed a ti v\u011bd\u00ed, \u017ee ud\u011blali spr\u00e1vn\u011b a to hned z n\u011bkolika d\u016fvod\u016f. Nen\u00ed to tak d\u00e1vno, co se psalo o nov\u00fdch sm\u011brnic\u00edch z EU, kter\u00e9 se na okna vztahuj\u00ed a t\u00fdkaj\u00ed se ka\u017ed\u00e9ho z n\u00e1s, kdo vlastn\u00edme byt nebo jinou nemovitost. Za deset let toti\u017e bude v\u00edce jak 70 % oken, kter\u00e9 nespln\u00ed nov\u00e1 na\u0159\u00edzen\u00ed a to p\u0159edev\u0161\u00edm kv\u016fli profil\u016fm, jejich\u017e sou\u010dinitel prostupu tepla bude vy\u0161\u0161\u00ed, ne\u017e bude deklarovat nov\u00e1 sm\u011brnice. Jednodu\u0161e p\u016fjde o to, \u017ee d\u00edky sou\u010dasn\u00fdm okn\u016fm budete m\u00edt vy\u0161\u0161\u00ed propustnost tepla, ne\u017e bude po\u017eadov\u00e1no. Pokud ale u\u017e nyn\u00ed zvol\u00edte hlin\u00edkov\u00e1 okna, kde je dokonal\u00fd profil a tedy i vysok\u00e1 tepeln\u011b izola\u010dn\u00ed vlastnost, budete si jisti, \u017ee sou\u010dasn\u00e1 investice, kter\u00e1 bude jist\u011b d\u00edky volb\u011b nadstandardu vy\u0161\u0161\u00ed, se v\u00e1m do budoucna zhodnot\u00ed tak\u0159ka dvojn\u00e1sobn\u011b. A ten, kdo ji\u017e takov\u00e1 hlin\u00edkov\u00e1 okna zvolil, m\u00e1 dop\u0159edu vyhr\u00e1no. Nebudete litovat! Jestli\u017ee teprve zva\u017eujete, jak\u00e1 okna si po\u0159\u00edd\u00edte, prostudujte si v\u0161echny dostupn\u00e9 informace. I my v\u00e1m r\u00e1di porad\u00edme. Zjist\u00edte toti\u017e, pokud si vyberete tato okna, ocen\u00edte mimo jin\u00e9 i jejich vzhled, lehkost, statickou odolnost a \u00fanosnost.                                                                                                                                                                                                                                                                                                                                                                                                "},{"@context":"https:\/\/schema.org\/","@type":"BreadcrumbList","itemListElement":[{"@type":"ListItem","position":1,"name":"V\u00a0dne\u0161n\u00ed dob\u011b modern\u00ed a velmi elegantn\u00ed","item":"https:\/\/www.equum.cz\/v-dnesni-dobe-moderni-a-velmi-elegantni\/#breadcrumbitem"}]}]