[{"@context":"https:\/\/schema.org\/","@type":"Article","@id":"https:\/\/www.equum.cz\/proc-hraje-svetlo-dulezitou-roli\/#Article","mainEntityOfPage":"https:\/\/www.equum.cz\/proc-hraje-svetlo-dulezitou-roli\/","headline":"Pro\u010d hraje sv\u011btlo d\u016fle\u017eitou roli?","name":"Pro\u010d hraje sv\u011btlo d\u016fle\u017eitou roli?","description":"Kdy\u017e si za\u0159izujete d\u016fm nebo byt, m\u011bli byste myslet na plno v\u011bc\u00ed a zohlednit plno faktor\u016f,&#46;&#46;&#46;","datePublished":"2023-05-23","dateModified":"2023-06-23","author":{"@type":"Person","@id":"https:\/\/www.equum.cz\/author\/#Person","name":"","url":"https:\/\/www.equum.cz\/author\/","identifier":1,"image":{"@type":"ImageObject","@id":"https:\/\/secure.gravatar.com\/avatar\/8eaf08ef5a7e54fc91db02b2058b03bc913caaaa39c046819bbf43d06bd23c2b?s=96&d=mm&r=g","url":"https:\/\/secure.gravatar.com\/avatar\/8eaf08ef5a7e54fc91db02b2058b03bc913caaaa39c046819bbf43d06bd23c2b?s=96&d=mm&r=g","height":96,"width":96}},"publisher":{"@type":"Organization","name":"equum.cz","logo":{"@type":"ImageObject","@id":"\/logo.png","url":"\/logo.png","width":600,"height":60}},"image":{"@type":"ImageObject","@id":"https:\/\/www.equum.cz\/wp-content\/uploads\/lost-places-3035877_640.jpg","url":"https:\/\/www.equum.cz\/wp-content\/uploads\/lost-places-3035877_640.jpg","height":0,"width":0},"url":"https:\/\/www.equum.cz\/proc-hraje-svetlo-dulezitou-roli\/","about":["V\u00fdrobky"],"wordCount":430,"articleBody":"   Kdy\u017e si za\u0159izujete d\u016fm nebo byt, m\u011bli byste myslet na plno v\u011bc\u00ed a zohlednit plno faktor\u016f, kter\u00e9 jsou p\u0159i za\u0159izov\u00e1n\u00ed celkov\u011b velmi d\u016fle\u017eit\u00e9. N\u011bkdy je t\u0159eba myslet na to, jak bude byt nebo d\u016fm vypadat celkov\u011b, proto\u017ee je sice hezk\u00e9 nakoupit dekorace a podobn\u011b zvl\u00e1\u0161\u0165, ale mus\u00edte samoz\u0159ejm\u011b p\u0159em\u00fd\u0161let nad t\u00edm, jak se v\u0161e bude hodit dohromady, jestli to bude dohromady hr\u00e1t a jestli se to k sob\u011b hod\u00ed. Pozn\u00e1te to v\u011bt\u0161inou nap\u0159\u00edklad podle barvy nebo podle stylu. V\u011bt\u0161inou se k sob\u011b barvy v\u017edy hod\u00ed, pokud to m\u00e1 t\u0159eba stejnou kombinaci barev nebo alespo\u0148 podobnou. Stylem u\u017e je to trochu slo\u017eit\u011bj\u0161\u00ed, modern\u00ed styl se ne v\u017edy hod\u00ed k tomu venkovsk\u00e9mu, nap\u0159\u00edklad. Proto je t\u0159eba tak\u00e9 p\u0159em\u00fd\u0161let nad t\u00edm, jestli se to opravdu hod\u00ed ke stylu, kter\u00fd jste vyu\u017eili ve sv\u00e9m interi\u00e9ru u\u017e d\u0159\u00edve. N\u011bkdy se to hodit toti\u017e nemus\u00ed. V\u0161e ale mus\u00edte vyzkou\u0161et a pokud se to nebude hodit, tak to p\u0159\u00edpadn\u011b prod\u00e1te. Krom\u011b lad\u011bn\u00ed v\u011bc\u00ed dohromady z\u00e1le\u017e\u00ed tak\u00e9 na tom, jak\u00e9 barvy pou\u017e\u00edv\u00e1te. D\u00edky tomu toti\u017e m\u016f\u017ee v\u00e1\u0161 interi\u00e9r p\u016fsobit uzav\u0159en\u011b nebo naopak vzdu\u0161n\u011b a otev\u0159en\u011b, co\u017e v\u0161ichni cht\u011bj\u00ed. Nikdo nechce, aby jeho interi\u00e9r p\u016fsobil uzav\u0159en\u011b a st\u00edsn\u011bn\u011b. To je ne\u017e\u00e1douc\u00ed. Proto je t\u0159eba myslet na barvy, kde je lep\u0161\u00ed v\u017edy vybrat sv\u011btlej\u0161\u00ed barvy, kter\u00e9 odr\u00e1\u017e\u00ed mnohem v\u00edce sv\u011btla nebo vyb\u00edrat materi\u00e1ly, kter\u00e9 sv\u011btlo propou\u0161t\u00ed, tedy sklen\u011bn\u00e9. Zkuste vym\u011bnit klasick\u00e9 d\u0159ev\u011bn\u00e9 z\u00e1bradl\u00ed za sklen\u011bn\u00e9 z\u00e1bradl\u00ed Kmkdesign, uvid\u00edte, \u017ee se interi\u00e9r najednou otev\u0159e a v\u0161e to hezky prokoukne. A to je v\u00e1\u0161 c\u00edl, no ne? M\u016f\u017eete proto vyb\u00edrat tak\u00e9 i dal\u0161\u00ed sklen\u011bn\u00e9 prvky, nap\u0159\u00edklad sklen\u011bn\u00e9 dve\u0159e jsou vhodn\u00fdm kandid\u00e1tem. M\u016f\u017eete si vybrat ale dve\u0159e, kter\u00e9 jsou p\u0159ev\u00e1\u017en\u011b d\u0159ev\u011bn\u00e9, jen maj\u00ed sklen\u011bn\u00e9 pr\u016f\u0159ezy, pokud nechcete p\u0159\u00edmo kupovat cel\u00e9 sklen\u011bn\u00e9 dve\u0159e kv\u016fli soukrom\u00ed. Daj\u00ed se ale vybrat dve\u0159e s matn\u00fdm sklem, na to nezapom\u00ednejte. V\u0161e je mo\u017en\u00e9, ale z\u00e1le\u017e\u00ed jen na tom, jakou m\u00e1te fantazii a jak um\u00edte kombinovat r\u016fzn\u00e9 v\u011bci a materi\u00e1ly.                                                                                                                                                                                                                                                                                                                                                                                                  "},{"@context":"https:\/\/schema.org\/","@type":"BreadcrumbList","itemListElement":[{"@type":"ListItem","position":1,"name":"Pro\u010d hraje sv\u011btlo d\u016fle\u017eitou roli?","item":"https:\/\/www.equum.cz\/proc-hraje-svetlo-dulezitou-roli\/#breadcrumbitem"}]}]