[{"@context":"https:\/\/schema.org\/","@type":"Article","@id":"https:\/\/www.equum.cz\/prijemne-prostredi\/#Article","mainEntityOfPage":"https:\/\/www.equum.cz\/prijemne-prostredi\/","headline":"P\u0159\u00edjemn\u00e9 prost\u0159ed\u00ed","name":"P\u0159\u00edjemn\u00e9 prost\u0159ed\u00ed","description":"Vyu\u017eijte nab\u00eddky r\u016fzn\u00fdch hotel\u016f a dal\u0161\u00edch za\u0159\u00edzen\u00ed na kr\u00e1sn\u00e9 \u010desk\u00e9 Vyso\u010din\u011b, okoln\u00ed p\u0159\u00edroda jist\u011b pot\u011b\u0161\u00ed po&#46;&#46;&#46;","datePublished":"2017-06-22","dateModified":"2017-06-22","author":{"@type":"Person","@id":"https:\/\/www.equum.cz\/author\/#Person","name":"","url":"https:\/\/www.equum.cz\/author\/","identifier":1,"image":{"@type":"ImageObject","@id":"https:\/\/secure.gravatar.com\/avatar\/8eaf08ef5a7e54fc91db02b2058b03bc913caaaa39c046819bbf43d06bd23c2b?s=96&d=mm&r=g","url":"https:\/\/secure.gravatar.com\/avatar\/8eaf08ef5a7e54fc91db02b2058b03bc913caaaa39c046819bbf43d06bd23c2b?s=96&d=mm&r=g","height":96,"width":96}},"publisher":{"@type":"Organization","name":"equum.cz","logo":{"@type":"ImageObject","@id":"\/logo.png","url":"\/logo.png","width":600,"height":60}},"image":{"@type":"ImageObject","@id":"https:\/\/www.equum.cz\/wp-content\/uploads\/img_a293315_w2042_t1505638175.jpg","url":"https:\/\/www.equum.cz\/wp-content\/uploads\/img_a293315_w2042_t1505638175.jpg","height":0,"width":0},"url":"https:\/\/www.equum.cz\/prijemne-prostredi\/","about":["V\u00fdrobky"],"wordCount":372,"articleBody":"Vyu\u017eijte nab\u00eddky r\u016fzn\u00fdch hotel\u016f a dal\u0161\u00edch za\u0159\u00edzen\u00ed na kr\u00e1sn\u00e9 \u010desk\u00e9 Vyso\u010din\u011b, okoln\u00ed p\u0159\u00edroda jist\u011b pot\u011b\u0161\u00ed po n\u00e1ro\u010dn\u00e9m \u0161kolen\u00ed nebo pracovn\u00edm jedn\u00e1n\u00ed, kter\u00e9 se t\u00e1hne cel\u00fd den. Ka\u017ed\u00e9 kongresov\u00e9 centrum s\u00e1lposkytne pro jak\u00e9koliv va\u0161e akce, od t\u011bch soukrom\u011bj\u0161\u00edch a\u017e po pracovn\u00ed nebo vzd\u011bl\u00e1vac\u00ed. Vyu\u017eijte kr\u00e1sn\u011b p\u0159ehledn\u00e9 nab\u00eddky, hled\u00e1 v n\u00ed je jednoduch\u00e9 a intuitivn\u00ed, jist\u011b vyberete m\u00edsto, kter\u00e9 bude vyhovovat va\u0161im pot\u0159eb\u00e1m a po\u017eadavk\u016fm a akce, kterou jste se rozhodli po\u0159\u00e1dat tak bude m\u00edt to nejlep\u0161\u00ed mo\u017en\u00e9 a dostupn\u00e9 z\u00e1zem\u00ed, kter\u00fdm bude m\u00edt jist\u011b zaru\u010den\u00fd skv\u011bl\u00fd \u00fasp\u011bch. Modern\u00ed vybaven\u00ed Pro konferenci nebo \u0161kolen\u00ed budete m\u00edt v\u017edy dostupnou modern\u00ed techniku, kter\u00e1 v\u00e1m v\u0161echno velice usnadn\u00ed, a\u0165 u\u017e si vyberete jak\u00e9koliv za\u0159\u00edzen\u00ed. Po n\u00e1ro\u010dn\u00e9m dni si pak m\u016f\u017eou \u00fa\u010dastn\u00edci u\u017e\u00edt pobyt na \u010derstv\u00e9m vzduchu v kr\u00e1sn\u00e9 krajin\u011b, p\u0159\u00edpadn\u011b relaxovat ve wellness centru a u\u017e\u00edvat si zaslou\u017een\u00fd odpo\u010dinek po dni pln\u00e9m soust\u0159ed\u011bn\u00ed a pr\u00e1ce. Pro\u010d si nevybrat za\u0159\u00edzen\u00ed vhodn\u00e9 pro spoustu spole\u010densk\u00fdch ud\u00e1losti v tak kr\u00e1sn\u00e9m kraji, jako je pr\u00e1v\u011b Vyso\u010dina. Dostupnost je velice dobr\u00e1 ze v\u0161ech velk\u00fdch m\u011bst a kout\u016f \u010cesk\u00e9 republiky, \u00fa\u010dastn\u00edci tak nebudou m\u00edt p\u0159\u00edli\u0161 velk\u00fd probl\u00e9m dopravit se na m\u00edsto v rozumn\u00e9m \u010dase. Ve\u0161ker\u00fdm komfort Kongresov\u00e1 centra na Vyso\u010din\u011b v\u00e1m nab\u00edzej\u00ed ve\u0161ker\u00e9 pot\u0159ebn\u00e9 z\u00e1zem\u00ed, vy tak nebudete m\u00edt nadbyte\u010dn\u00e9 starosti s ubytov\u00e1v\u00e1n\u00edm \u00fa\u010dastn\u00edk\u016f a pot\u0159ebn\u00fdm cateringem, v\u0161e bude pro v\u00e1s p\u0159ipraveno p\u0159esn\u011b podle toho, co si budete p\u0159\u00e1t a co si dohodnete. V p\u0159\u00edpad\u011b jak\u00fdchkoliv dotaz\u016f vyu\u017e\u00edvejte na\u0161\u00ed z\u00e1kaznickou linku, kde se jist\u011b dozv\u00edte v\u0161echno, co v\u00e1s zaj\u00edm\u00e1, jist\u011b budete s na\u0161imi poskytnut\u00fdmi slu\u017ebami spokojeni a pro p\u0159\u00ed\u0161t\u00ed akci op\u011bt zvol\u00edte tento resort.                                                                                                                                                                                                                                                                                                                                                                                        5\/5 - (4 votes)        "},{"@context":"https:\/\/schema.org\/","@type":"BreadcrumbList","itemListElement":[{"@type":"ListItem","position":1,"name":"P\u0159\u00edjemn\u00e9 prost\u0159ed\u00ed","item":"https:\/\/www.equum.cz\/prijemne-prostredi\/#breadcrumbitem"}]}]