{"@context":"https:\/\/schema.org\/","@type":"CollectionPage","@id":"https:\/\/www.equum.cz\/penize\/#CollectionPage","headline":"Pen\u00edze Category","description":"","url":"https:\/\/www.equum.cz\/penize\/","hasPart":[{"@type":"Article","@id":"https:\/\/www.equum.cz\/vsude-je-to-stejne\/","headline":"V\u0161ude je to stejn\u00e9?","url":"https:\/\/www.equum.cz\/vsude-je-to-stejne\/","datePublished":"2019-10-07","dateModified":"2019-10-07","mainEntityOfPage":"https:\/\/www.equum.cz\/vsude-je-to-stejne\/","author":{"@type":"Person","@id":"https:\/\/www.equum.cz\/author\/#Person","name":"","url":"https:\/\/www.equum.cz\/author\/","identifier":1,"image":{"@type":"ImageObject","@id":"https:\/\/secure.gravatar.com\/avatar\/8eaf08ef5a7e54fc91db02b2058b03bc913caaaa39c046819bbf43d06bd23c2b?s=96&d=mm&r=g","url":"https:\/\/secure.gravatar.com\/avatar\/8eaf08ef5a7e54fc91db02b2058b03bc913caaaa39c046819bbf43d06bd23c2b?s=96&d=mm&r=g","height":96,"width":96}},"publisher":{"@type":"Organization","name":"equum.cz","logo":{"@type":"ImageObject","@id":"\/logo.png","url":"\/logo.png","width":600,"height":60}},"image":{"@type":"ImageObject","@id":"https:\/\/www.equum.cz\/wp-content\/uploads\/img_a365567_w2060_t1578383973.jpg","url":"https:\/\/www.equum.cz\/wp-content\/uploads\/img_a365567_w2060_t1578383973.jpg","height":0,"width":0},"keywords":null},{"@type":"Article","@id":"https:\/\/www.equum.cz\/domov-zarizeny-do-detailu\/","headline":"Domov za\u0159\u00edzen\u00fd do detail\u016f","url":"https:\/\/www.equum.cz\/domov-zarizeny-do-detailu\/","datePublished":"2019-10-03","dateModified":"2019-10-03","mainEntityOfPage":"https:\/\/www.equum.cz\/domov-zarizeny-do-detailu\/","author":{"@type":"Person","@id":"https:\/\/www.equum.cz\/author\/#Person","name":"","url":"https:\/\/www.equum.cz\/author\/","identifier":1,"image":{"@type":"ImageObject","@id":"https:\/\/secure.gravatar.com\/avatar\/8eaf08ef5a7e54fc91db02b2058b03bc913caaaa39c046819bbf43d06bd23c2b?s=96&d=mm&r=g","url":"https:\/\/secure.gravatar.com\/avatar\/8eaf08ef5a7e54fc91db02b2058b03bc913caaaa39c046819bbf43d06bd23c2b?s=96&d=mm&r=g","height":96,"width":96}},"publisher":{"@type":"Organization","name":"equum.cz","logo":{"@type":"ImageObject","@id":"\/logo.png","url":"\/logo.png","width":600,"height":60}},"image":{"@type":"ImageObject","@id":"https:\/\/www.equum.cz\/wp-content\/uploads\/img_a361463_w1773_t1574670772.jpg","url":"https:\/\/www.equum.cz\/wp-content\/uploads\/img_a361463_w1773_t1574670772.jpg","height":0,"width":0},"keywords":null},{"@type":"Article","@id":"https:\/\/www.equum.cz\/mobilni-dum-jako-idealni-sezonni-i-trvale-bydleni\/","headline":"Mobiln\u00ed d\u016fm jako ide\u00e1ln\u00ed sez\u00f3nn\u00ed i trval\u00e9 bydlen\u00ed","url":"https:\/\/www.equum.cz\/mobilni-dum-jako-idealni-sezonni-i-trvale-bydleni\/","datePublished":"2019-09-16","dateModified":"2019-09-16","mainEntityOfPage":"https:\/\/www.equum.cz\/mobilni-dum-jako-idealni-sezonni-i-trvale-bydleni\/","author":{"@type":"Person","@id":"https:\/\/www.equum.cz\/author\/#Person","name":"","url":"https:\/\/www.equum.cz\/author\/","identifier":1,"image":{"@type":"ImageObject","@id":"https:\/\/secure.gravatar.com\/avatar\/8eaf08ef5a7e54fc91db02b2058b03bc913caaaa39c046819bbf43d06bd23c2b?s=96&d=mm&r=g","url":"https:\/\/secure.gravatar.com\/avatar\/8eaf08ef5a7e54fc91db02b2058b03bc913caaaa39c046819bbf43d06bd23c2b?s=96&d=mm&r=g","height":96,"width":96}},"publisher":{"@type":"Organization","name":"equum.cz","logo":{"@type":"ImageObject","@id":"\/logo.png","url":"\/logo.png","width":600,"height":60}},"image":{"@type":"ImageObject","@id":"https:\/\/www.equum.cz\/wp-content\/uploads\/img_a347675_w2600_t1562143961.jpg","url":"https:\/\/www.equum.cz\/wp-content\/uploads\/img_a347675_w2600_t1562143961.jpg","height":0,"width":0},"keywords":null},{"@type":"Article","@id":"https:\/\/www.equum.cz\/rekreacni-celorocni-i-trvale-bydleni\/","headline":"Rekrea\u010dn\u00ed, celoro\u010dn\u00ed i trval\u00e9 bydlen\u00ed","url":"https:\/\/www.equum.cz\/rekreacni-celorocni-i-trvale-bydleni\/","datePublished":"2019-09-14","dateModified":"2019-09-14","mainEntityOfPage":"https:\/\/www.equum.cz\/rekreacni-celorocni-i-trvale-bydleni\/","author":{"@type":"Person","@id":"https:\/\/www.equum.cz\/author\/#Person","name":"","url":"https:\/\/www.equum.cz\/author\/","identifier":1,"image":{"@type":"ImageObject","@id":"https:\/\/secure.gravatar.com\/avatar\/8eaf08ef5a7e54fc91db02b2058b03bc913caaaa39c046819bbf43d06bd23c2b?s=96&d=mm&r=g","url":"https:\/\/secure.gravatar.com\/avatar\/8eaf08ef5a7e54fc91db02b2058b03bc913caaaa39c046819bbf43d06bd23c2b?s=96&d=mm&r=g","height":96,"width":96}},"publisher":{"@type":"Organization","name":"equum.cz","logo":{"@type":"ImageObject","@id":"\/logo.png","url":"\/logo.png","width":600,"height":60}},"image":{"@type":"ImageObject","@id":"https:\/\/www.equum.cz\/wp-content\/uploads\/img_a345688_w3185_t1559285018.jpg","url":"https:\/\/www.equum.cz\/wp-content\/uploads\/img_a345688_w3185_t1559285018.jpg","height":0,"width":0},"keywords":null},{"@type":"Article","@id":"https:\/\/www.equum.cz\/kvalitni-bydleni-za-dostupnou-cenu\/","headline":"Kvalitn\u00ed bydlen\u00ed za dostupnou cenu","url":"https:\/\/www.equum.cz\/kvalitni-bydleni-za-dostupnou-cenu\/","datePublished":"2019-09-01","dateModified":"2019-09-01","mainEntityOfPage":"https:\/\/www.equum.cz\/kvalitni-bydleni-za-dostupnou-cenu\/","author":{"@type":"Person","@id":"https:\/\/www.equum.cz\/author\/#Person","name":"","url":"https:\/\/www.equum.cz\/author\/","identifier":1,"image":{"@type":"ImageObject","@id":"https:\/\/secure.gravatar.com\/avatar\/8eaf08ef5a7e54fc91db02b2058b03bc913caaaa39c046819bbf43d06bd23c2b?s=96&d=mm&r=g","url":"https:\/\/secure.gravatar.com\/avatar\/8eaf08ef5a7e54fc91db02b2058b03bc913caaaa39c046819bbf43d06bd23c2b?s=96&d=mm&r=g","height":96,"width":96}},"publisher":{"@type":"Organization","name":"equum.cz","logo":{"@type":"ImageObject","@id":"\/logo.png","url":"\/logo.png","width":600,"height":60}},"image":{"@type":"ImageObject","@id":"https:\/\/www.equum.cz\/wp-content\/uploads\/img_a363162_w1788_t1575980796.jpg","url":"https:\/\/www.equum.cz\/wp-content\/uploads\/img_a363162_w1788_t1575980796.jpg","height":0,"width":0},"keywords":null},{"@type":"Article","@id":"https:\/\/www.equum.cz\/koupe-mobilniho-domu-je-investici-do-osobni-svobody\/","headline":"Koup\u011b mobiln\u00edho domu je investic\u00ed do osobn\u00ed svobody","url":"https:\/\/www.equum.cz\/koupe-mobilniho-domu-je-investici-do-osobni-svobody\/","datePublished":"2019-02-18","dateModified":"2019-02-18","mainEntityOfPage":"https:\/\/www.equum.cz\/koupe-mobilniho-domu-je-investici-do-osobni-svobody\/","author":{"@type":"Person","@id":"https:\/\/www.equum.cz\/author\/#Person","name":"","url":"https:\/\/www.equum.cz\/author\/","identifier":1,"image":{"@type":"ImageObject","@id":"https:\/\/secure.gravatar.com\/avatar\/8eaf08ef5a7e54fc91db02b2058b03bc913caaaa39c046819bbf43d06bd23c2b?s=96&d=mm&r=g","url":"https:\/\/secure.gravatar.com\/avatar\/8eaf08ef5a7e54fc91db02b2058b03bc913caaaa39c046819bbf43d06bd23c2b?s=96&d=mm&r=g","height":96,"width":96}},"publisher":{"@type":"Organization","name":"equum.cz","logo":{"@type":"ImageObject","@id":"\/logo.png","url":"\/logo.png","width":600,"height":60}},"image":{"@type":"ImageObject","@id":"https:\/\/www.equum.cz\/wp-content\/uploads\/img_a336052_w1714_t1549446751.jpg","url":"https:\/\/www.equum.cz\/wp-content\/uploads\/img_a336052_w1714_t1549446751.jpg","height":0,"width":0},"keywords":null},{"@type":"Article","@id":"https:\/\/www.equum.cz\/dum-na-prani-muzete-mit-i-vy\/","headline":"D\u016fm na p\u0159\u00e1n\u00ed m\u016f\u017eete m\u00edt i vy","url":"https:\/\/www.equum.cz\/dum-na-prani-muzete-mit-i-vy\/","datePublished":"2019-02-03","dateModified":"2019-02-03","mainEntityOfPage":"https:\/\/www.equum.cz\/dum-na-prani-muzete-mit-i-vy\/","author":{"@type":"Person","@id":"https:\/\/www.equum.cz\/author\/#Person","name":"","url":"https:\/\/www.equum.cz\/author\/","identifier":1,"image":{"@type":"ImageObject","@id":"https:\/\/secure.gravatar.com\/avatar\/8eaf08ef5a7e54fc91db02b2058b03bc913caaaa39c046819bbf43d06bd23c2b?s=96&d=mm&r=g","url":"https:\/\/secure.gravatar.com\/avatar\/8eaf08ef5a7e54fc91db02b2058b03bc913caaaa39c046819bbf43d06bd23c2b?s=96&d=mm&r=g","height":96,"width":96}},"publisher":{"@type":"Organization","name":"equum.cz","logo":{"@type":"ImageObject","@id":"\/logo.png","url":"\/logo.png","width":600,"height":60}},"image":{"@type":"ImageObject","@id":"https:\/\/www.equum.cz\/wp-content\/uploads\/img_a339896_w3185_t1552992961.jpg","url":"https:\/\/www.equum.cz\/wp-content\/uploads\/img_a339896_w3185_t1552992961.jpg","height":0,"width":0},"keywords":null},{"@type":"Article","@id":"https:\/\/www.equum.cz\/domek-prave-pro-vas\/","headline":"Domek pr\u00e1v\u011b pro V\u00e1s","url":"https:\/\/www.equum.cz\/domek-prave-pro-vas\/","datePublished":"2018-11-05","dateModified":"2018-11-05","mainEntityOfPage":"https:\/\/www.equum.cz\/domek-prave-pro-vas\/","author":{"@type":"Person","@id":"https:\/\/www.equum.cz\/author\/#Person","name":"","url":"https:\/\/www.equum.cz\/author\/","identifier":1,"image":{"@type":"ImageObject","@id":"https:\/\/secure.gravatar.com\/avatar\/8eaf08ef5a7e54fc91db02b2058b03bc913caaaa39c046819bbf43d06bd23c2b?s=96&d=mm&r=g","url":"https:\/\/secure.gravatar.com\/avatar\/8eaf08ef5a7e54fc91db02b2058b03bc913caaaa39c046819bbf43d06bd23c2b?s=96&d=mm&r=g","height":96,"width":96}},"publisher":{"@type":"Organization","name":"equum.cz","logo":{"@type":"ImageObject","@id":"\/logo.png","url":"\/logo.png","width":600,"height":60}},"image":{"@type":"ImageObject","@id":"https:\/\/www.equum.cz\/wp-content\/uploads\/img_a331349_w1737_t1543602513.jpg","url":"https:\/\/www.equum.cz\/wp-content\/uploads\/img_a331349_w1737_t1543602513.jpg","height":0,"width":0},"keywords":null},{"@type":"Article","@id":"https:\/\/www.equum.cz\/levne-mobilni-domy-dostupne-bydleni-pro-kazdeho\/","headline":"Levn\u00e9 mobiln\u00ed domy \u2013 dostupn\u00e9 bydlen\u00ed pro ka\u017ed\u00e9ho","url":"https:\/\/www.equum.cz\/levne-mobilni-domy-dostupne-bydleni-pro-kazdeho\/","datePublished":"2018-09-19","dateModified":"2018-09-19","mainEntityOfPage":"https:\/\/www.equum.cz\/levne-mobilni-domy-dostupne-bydleni-pro-kazdeho\/","author":{"@type":"Person","@id":"https:\/\/www.equum.cz\/author\/#Person","name":"","url":"https:\/\/www.equum.cz\/author\/","identifier":1,"image":{"@type":"ImageObject","@id":"https:\/\/secure.gravatar.com\/avatar\/8eaf08ef5a7e54fc91db02b2058b03bc913caaaa39c046819bbf43d06bd23c2b?s=96&d=mm&r=g","url":"https:\/\/secure.gravatar.com\/avatar\/8eaf08ef5a7e54fc91db02b2058b03bc913caaaa39c046819bbf43d06bd23c2b?s=96&d=mm&r=g","height":96,"width":96}},"publisher":{"@type":"Organization","name":"equum.cz","logo":{"@type":"ImageObject","@id":"\/logo.png","url":"\/logo.png","width":600,"height":60}},"image":{"@type":"ImageObject","@id":"https:\/\/www.equum.cz\/wp-content\/uploads\/img_a325391_w2039_t1537256325.png","url":"https:\/\/www.equum.cz\/wp-content\/uploads\/img_a325391_w2039_t1537256325.png","height":0,"width":0},"keywords":null},{"@type":"Article","@id":"https:\/\/www.equum.cz\/svetlo-ktere-funguje-i-jako-slunicko\/","headline":"Sv\u011btlo, kter\u00e9 funguje i jako slun\u00ed\u010dko","url":"https:\/\/www.equum.cz\/svetlo-ktere-funguje-i-jako-slunicko\/","datePublished":"2018-07-25","dateModified":"2023-10-16","mainEntityOfPage":"https:\/\/www.equum.cz\/svetlo-ktere-funguje-i-jako-slunicko\/","author":{"@type":"Person","@id":"https:\/\/www.equum.cz\/author\/#Person","name":"","url":"https:\/\/www.equum.cz\/author\/","identifier":1,"image":{"@type":"ImageObject","@id":"https:\/\/secure.gravatar.com\/avatar\/8eaf08ef5a7e54fc91db02b2058b03bc913caaaa39c046819bbf43d06bd23c2b?s=96&d=mm&r=g","url":"https:\/\/secure.gravatar.com\/avatar\/8eaf08ef5a7e54fc91db02b2058b03bc913caaaa39c046819bbf43d06bd23c2b?s=96&d=mm&r=g","height":96,"width":96}},"publisher":{"@type":"Organization","name":"equum.cz","logo":{"@type":"ImageObject","@id":"\/logo.png","url":"\/logo.png","width":600,"height":60}},"image":{"@type":"ImageObject","@id":"https:\/\/www.equum.cz\/wp-content\/uploads\/img_a325741_w2407_t1537870030.jpg","url":"https:\/\/www.equum.cz\/wp-content\/uploads\/img_a325741_w2407_t1537870030.jpg","height":0,"width":0},"keywords":null}]}