[{"@context":"https:\/\/schema.org\/","@type":"Article","@id":"https:\/\/www.equum.cz\/na-barevnou-zed-patri-zasuvky-schneider\/#Article","mainEntityOfPage":"https:\/\/www.equum.cz\/na-barevnou-zed-patri-zasuvky-schneider\/","headline":"Na barevnou ze\u010f pat\u0159\u00ed z\u00e1suvky schneider","name":"Na barevnou ze\u010f pat\u0159\u00ed z\u00e1suvky schneider","description":"Kdo by necht&Auml;&#8250;l m&Atilde;&shy;t doma kr&Atilde;&iexcl;sno a &Atilde;&ordm;tulno? To v&Atilde;&shy;te, &Aring;&frac34;e po tom tou&Aring;&frac34;&Atilde;&shy; ka&Aring;&frac34;d&Atilde;&frac12;. Jen&#46;&#46;&#46;","datePublished":"2019-11-21","dateModified":"2024-01-04","author":{"@type":"Person","@id":"https:\/\/www.equum.cz\/author\/#Person","name":"","url":"https:\/\/www.equum.cz\/author\/","identifier":1,"image":{"@type":"ImageObject","@id":"https:\/\/secure.gravatar.com\/avatar\/8eaf08ef5a7e54fc91db02b2058b03bc913caaaa39c046819bbf43d06bd23c2b?s=96&d=mm&r=g","url":"https:\/\/secure.gravatar.com\/avatar\/8eaf08ef5a7e54fc91db02b2058b03bc913caaaa39c046819bbf43d06bd23c2b?s=96&d=mm&r=g","height":96,"width":96}},"publisher":{"@type":"Organization","name":"equum.cz","logo":{"@type":"ImageObject","@id":"\/logo.png","url":"\/logo.png","width":600,"height":60}},"image":{"@type":"ImageObject","@id":"https:\/\/www.equum.cz\/wp-content\/uploads\/img_a373928_w2408_t1585304061.jpg","url":"https:\/\/www.equum.cz\/wp-content\/uploads\/img_a373928_w2408_t1585304061.jpg","height":0,"width":0},"url":"https:\/\/www.equum.cz\/na-barevnou-zed-patri-zasuvky-schneider\/","about":["Elektro"],"wordCount":820,"articleBody":" Kdo by necht&Auml;&#8250;l m&Atilde;&shy;t doma kr&Atilde;&iexcl;sno a &Atilde;&ordm;tulno? To v&Atilde;&shy;te, &Aring;&frac34;e po tom tou&Aring;&frac34;&Atilde;&shy; ka&Aring;&frac34;d&Atilde;&frac12;. Jen ne ka&Aring;&frac34;d&Atilde;&frac12; m&Atilde;&iexcl; dobr&Atilde;&frac12; vkus a mnoho lid&Atilde;&shy; se tak pokou&Aring;&iexcl;&Atilde;&shy; takovou p&Aring;&#8482;&Atilde;&shy;jemnou atmosf&Atilde;&copy;ru v byt&Auml;&#8250; navodit marn&Auml;&#8250;. Zkr&Atilde;&iexcl;tka nev&Auml;&#8250;d&Atilde;&shy;, jak na to. Nav&Atilde;&shy;c, mnoho je i t&Auml;&#8250;ch, kte&Aring;&#8482;&Atilde;&shy; nevn&Atilde;&shy;maj&Atilde;&shy;, zda spolu jednotliv&Atilde;&copy; barvy anebo materi&Atilde;&iexcl;ly lad&Atilde;&shy;, zda jdou vz&Atilde;&iexcl;jemn&Auml;&#8250; dohromady. V takov&Atilde;&copy;m p&Aring;&#8482;&Atilde;&shy;pad&Auml;&#8250; je ide&Atilde;&iexcl;ln&Atilde;&shy; vyu&Aring;&frac34;&Atilde;&shy;t slu&Aring;&frac34;eb bytov&Atilde;&copy;ho architekta, kter&Atilde;&frac12; se vyzn&Atilde;&iexcl; a navrhne v&Atilde;&iexcl;m interi&Atilde;&copy;r, kter&Atilde;&frac12; bude pln&Auml;&#8250; v souladu s va&Aring;&iexcl;imi p&Aring;&#8482;edstavami, a je&Aring;&iexcl;t&Auml;&#8250; nav&Atilde;&shy;c bude i po v&Aring;&iexcl;ech jin&Atilde;&frac12;ch str&Atilde;&iexcl;nk&Atilde;&iexcl;ch dokonal&Atilde;&frac12;, tak&Aring;&frac34;e sklid&Atilde;&shy;te mnoho chv&Atilde;&iexcl;ly od v&Aring;&iexcl;ech n&Atilde;&iexcl;v&Aring;&iexcl;t&Auml;&#8250;v. Jen byste m&Auml;&#8250;li po&Auml;&Atilde;&shy;tat s t&Atilde;&shy;m, &Aring;&frac34;e do profesion&Atilde;&iexcl;ln&Atilde;&shy;ch slu&Aring;&frac34;eb budete muset investovat n&Auml;&#8250;jak&Atilde;&frac12; ten finan&Auml;n&Atilde;&shy; obnos. V&Aring;&iexcl;ichni ti, kdo cht&Auml;&#8250;j&Atilde;&shy; m&Atilde;&shy;t doma hezky, ale r&Atilde;&iexcl;di by se o to pokusili sami, t&Aring;&#8482;eba proto, &Aring;&frac34;e cht&Auml;&#8250;j&Atilde;&shy; u&Aring;&iexcl;et&Aring;&#8482;it, by se m&Auml;&#8250;li dr&Aring;&frac34;et n&Auml;&#8250;kolika z&Atilde;&iexcl;kladn&Atilde;&shy;ch pravidel. Jestli&Aring;&frac34;e si netrouf&Atilde;&iexcl;te na &Aring;&frac34;&Atilde;&iexcl;dnou divo&Auml;inu, vsa&Auml;te na vz&Atilde;&iexcl;jemn&Atilde;&frac12; soulad barev a materi&Atilde;&iexcl;l&Aring;&macr;. Kdy&Aring;&frac34; pomineme n&Auml;&#8250;jak&Atilde;&copy; to men&Aring;&iexcl;&Atilde;&shy; o&Aring;&frac34;iven&Atilde;&shy;, rozhodn&Auml;&#8250; neud&Auml;&#8250;l&Atilde;&iexcl;te chybu, kdy&Aring;&frac34; vybaven&Atilde;&shy; sv&Atilde;&copy;ho bytu slad&Atilde;&shy;te t&Atilde;&sup3;n v t&Atilde;&sup3;nu. A pozor, zapomenout byste rozhodn&Auml;&#8250; nem&Auml;&#8250;li ani na detaily, proto&Aring;&frac34;e pr&Atilde;&iexcl;v&Auml;&#8250; na nich toho mnoho z&Atilde;&iexcl;le&Aring;&frac34;&Atilde;&shy;. Lid&Atilde;&copy; se v&Auml;&#8250;t&Aring;&iexcl;inou soust&Aring;&#8482;ed&Atilde;&shy; na velk&Atilde;&copy; plochy, tak&Aring;&frac34;e pokud jde o v&Atilde;&frac12;malbu, koberce, n&Atilde;&iexcl;bytek anebo textilie, to v&Aring;&iexcl;e dot&Atilde;&iexcl;hnou do zd&Atilde;&iexcl;rn&Atilde;&copy;ho konce. Ov&Aring;&iexcl;em m&Atilde;&shy;sto pomysln&Atilde;&copy; t&Aring;&#8482;e&Aring;&iexcl;ni&Auml;ky na dortu pak p&Aring;&#8482;ijde hrub&Atilde;&copy; opomenut&Atilde;&shy; &acirc;&#8364;&#8220; t&Aring;&#8482;eba v podob&Auml;&#8250; na zdi k&Aring;&#8482;i&Auml;&Atilde;&shy;c&Atilde;&shy;ch vyp&Atilde;&shy;na&Auml;&Aring;&macr;. Jestli&Aring;&frac34;e m&Atilde;&iexcl;te r&Atilde;&iexcl;di v&Atilde;&frac12;razn&Atilde;&copy; barvy, kter&Atilde;&copy; jsou nav&Atilde;&shy;c v interi&Atilde;&copy;rech pr&Atilde;&iexcl;v&Auml;&#8250; v m&Atilde;&sup3;d&Auml;&#8250;, pak byste m&Auml;&#8250;li db&Atilde;&iexcl;t i na to, co na takto v&Atilde;&frac12;razn&Auml;&#8250; omalovanou st&Auml;&#8250;nu um&Atilde;&shy;st&Atilde;&shy;te. V p&Aring;&#8482;&Atilde;&shy;pad&Auml;&#8250; tmav&Atilde;&frac12;ch barev byste se m&Auml;&#8250;li nap&Aring;&#8482;&Atilde;&shy;klad vyhnout b&Atilde;&shy;l&Atilde;&frac12;m z&Atilde;&iexcl;suvk&Atilde;&iexcl;m a vyp&Atilde;&shy;na&Auml;&Aring;&macr;m. V takov&Atilde;&copy; situaci v&Atilde;&iexcl;m p&Aring;&#8482;ijdou vhod vyp&Atilde;&shy;na&Auml;e a z&Atilde;&iexcl;suvky schneider, kter&Atilde;&copy; si m&Aring;&macr;&Aring;&frac34;ete po&Aring;&#8482;&Atilde;&shy;dit v l&Atilde;&shy;biv&Atilde;&frac12;ch barv&Atilde;&iexcl;ch, a&Aring;&yen; u&Aring;&frac34; si pod t&Atilde;&shy;m p&Aring;&#8482;edstavujete cokoli. Ve va&Aring;&iexcl;em interi&Atilde;&copy;ru se budou v&Aring;&frac34;dy skv&Auml;&#8250;le vyj&Atilde;&shy;mat.                                                                                                                                                                                                                                                                                                                                                                                         3.9\/5 - (7 votes)        "},{"@context":"https:\/\/schema.org\/","@type":"BreadcrumbList","itemListElement":[{"@type":"ListItem","position":1,"name":"Na barevnou ze\u010f pat\u0159\u00ed z\u00e1suvky schneider","item":"https:\/\/www.equum.cz\/na-barevnou-zed-patri-zasuvky-schneider\/#breadcrumbitem"}]}]