[{"@context":"https:\/\/schema.org\/","@type":"Article","@id":"https:\/\/www.equum.cz\/elektrinu-muzete-mit-kdekoli-chcete\/#Article","mainEntityOfPage":"https:\/\/www.equum.cz\/elektrinu-muzete-mit-kdekoli-chcete\/","headline":"Elekt\u0159inu m\u016f\u017eete m\u00edt kdekoli chcete","name":"Elekt\u0159inu m\u016f\u017eete m\u00edt kdekoli chcete","description":"M\u00e1te pocit, \u017ee by va\u0161e obec pot\u0159ebovala o\u017eiven\u00ed? Chcete, aby k v\u00e1m zav\u00edtal v\u00e1\u0161 obl\u00edben\u00fd hudebn\u00ed&#46;&#46;&#46;","datePublished":"2019-09-18","dateModified":"2019-09-18","author":{"@type":"Person","@id":"https:\/\/www.equum.cz\/author\/#Person","name":"","url":"https:\/\/www.equum.cz\/author\/","identifier":1,"image":{"@type":"ImageObject","@id":"https:\/\/secure.gravatar.com\/avatar\/8eaf08ef5a7e54fc91db02b2058b03bc913caaaa39c046819bbf43d06bd23c2b?s=96&d=mm&r=g","url":"https:\/\/secure.gravatar.com\/avatar\/8eaf08ef5a7e54fc91db02b2058b03bc913caaaa39c046819bbf43d06bd23c2b?s=96&d=mm&r=g","height":96,"width":96}},"publisher":{"@type":"Organization","name":"equum.cz","logo":{"@type":"ImageObject","@id":"\/logo.png","url":"\/logo.png","width":600,"height":60}},"image":{"@type":"ImageObject","@id":"https:\/\/www.equum.cz\/wp-content\/uploads\/img_a356946_w1791_t1571648846.jpg","url":"https:\/\/www.equum.cz\/wp-content\/uploads\/img_a356946_w1791_t1571648846.jpg","height":0,"width":0},"url":"https:\/\/www.equum.cz\/elektrinu-muzete-mit-kdekoli-chcete\/","about":["Elektro"],"wordCount":393,"articleBody":"M\u00e1te pocit, \u017ee by va\u0161e obec pot\u0159ebovala o\u017eiven\u00ed? Chcete, aby k v\u00e1m zav\u00edtal v\u00e1\u0161 obl\u00edben\u00fd hudebn\u00ed interpret? Chyst\u00e1te se pozvednout kulturn\u00edho ducha ve va\u0161em okol\u00ed? V tom p\u0159\u00edpad\u011b jist\u011b chyst\u00e1te n\u011bjakou zaj\u00edmavou akci. A pokud chcete, aby pro lidi byla atraktivn\u00ed a nav\u0161t\u00edvilo ji maximum n\u00e1v\u0161t\u011bvn\u00edk\u016f, pak ji nezapome\u0148te uspo\u0159\u00e1dat venku. Nen\u00ed nic obl\u00edben\u011bj\u0161\u00edho, ne\u017e letn\u00ed venkovn\u00ed akce a koncerty anebo festivaly. V\u017edy\u0165 co m\u016f\u017ee b\u00fdt lep\u0161\u00edho, ne\u017e relaxovat za p\u011bkn\u00e9ho po\u010das\u00ed pod \u0161ir\u00fdm nebem a u\u017e\u00edt si u toho tak\u00e9 spoustu z\u00e1bavy?  Jen\u017ee kdy\u017e po\u0159\u00e1d\u00e1te n\u011bjakou venkovn\u00ed akci, tak snadno naraz\u00edte i na to, \u017ee v m\u00edst\u011b, kter\u00e9 se v\u00e1m nejv\u00edce l\u00edb\u00ed a maxim\u00e1ln\u011b v\u00e1m vyhovuje, nen\u00ed p\u0159ipojen\u00ed k elektrick\u00e9mu proudu. Anebo je z n\u011bjak\u00e9ho d\u016fvodu nevyhovuj\u00edc\u00ed anebo nedostupn\u00e9. A\u0165 tak \u010di onak, i takovou situaci je mo\u017en\u00e9 chyt\u0159e a rychle vy\u0159e\u0161it, nap\u0159\u00edklad t\u00edm, \u017ee si pronajmete elektrocentr\u00e1lu. Pron\u00e1jem z\u00e1lo\u017en\u00edho zdroje elektrick\u00e9ho proudu, tedy elektrocentr\u00e1ly, kterou m\u016f\u017eete pohodln\u011b vyu\u017e\u00edt kdekoli, je snadn\u00e9 a jednoduch\u00e9. A na jej\u00ed chod a dod\u00e1vku proudu se m\u016f\u017eete maxim\u00e1ln\u011b spolehnout. To v\u0161e plat\u00ed za p\u0159edpokladu, \u017ee si zvol\u00edte toho prav\u00e9ho dodavatele. K va\u0161\u00ed pln\u00e9 spokojenosti a bezprobl\u00e9mov\u00e9mu chodu akce je toti\u017e pot\u0159eba jedin\u011b spolehliv\u00e1 elektrocentr\u00e1la, na kterou se m\u016f\u017eete na sto procent spolehnout, \u017ee v\u00e1s za \u017e\u00e1dn\u00e9 situace nezklame.  Boj\u00edte se, \u017ee si nebudete um\u011bt vybrat tu pravou, proto\u017ee se v agreg\u00e1tech ani trochu nevyzn\u00e1te? To ani trochu nevad\u00ed, to jedin\u00e9, co mus\u00edte ud\u011blat vy, je oslovit toho prav\u00e9ho dodavatele, kter\u00fd v\u00e1m zdroj elektrick\u00e9ho proudu pronajme. A nejen to! Dokonce v\u00e1m d\u00e1 k dispozici pro\u0161kolen\u00e9ho technika, kter\u00fd se bude o zdroj po celou dobu starat, zapoj\u00ed ho i odpoj\u00ed, zajist\u00ed jeho dovoz i odvoz na m\u00edsto. A mimo agreg\u00e1tu si m\u016f\u017eete samoz\u0159ejm\u011b pronajmout i kabel\u00e1\u017e a rozvad\u011b\u010de, a v\u0161echny dal\u0161\u00ed v\u011bci, co budou pot\u0159eba.                                                                                                                                                                                                                                                                                                                                                                                        4.2\/5 - (5 votes)        "},{"@context":"https:\/\/schema.org\/","@type":"BreadcrumbList","itemListElement":[{"@type":"ListItem","position":1,"name":"Elekt\u0159inu m\u016f\u017eete m\u00edt kdekoli chcete","item":"https:\/\/www.equum.cz\/elektrinu-muzete-mit-kdekoli-chcete\/#breadcrumbitem"}]}]