[{"@context":"https:\/\/schema.org\/","@type":"Article","@id":"https:\/\/www.equum.cz\/dum-na-prani-muzete-mit-i-vy\/#Article","mainEntityOfPage":"https:\/\/www.equum.cz\/dum-na-prani-muzete-mit-i-vy\/","headline":"D\u016fm na p\u0159\u00e1n\u00ed m\u016f\u017eete m\u00edt i vy","name":"D\u016fm na p\u0159\u00e1n\u00ed m\u016f\u017eete m\u00edt i vy","description":"Hled\u00e1te zp\u016fsob, jak si po\u0159\u00eddit vlastn\u00ed bydlen\u00ed? Nem\u00e1te mnoho pen\u011bz, kter\u00e9 k tomuto \u00fa\u010delu m\u016f\u017eete vyu\u017e\u00edt?&#46;&#46;&#46;","datePublished":"2019-02-03","dateModified":"2019-02-03","author":{"@type":"Person","@id":"https:\/\/www.equum.cz\/author\/#Person","name":"","url":"https:\/\/www.equum.cz\/author\/","identifier":1,"image":{"@type":"ImageObject","@id":"https:\/\/secure.gravatar.com\/avatar\/8eaf08ef5a7e54fc91db02b2058b03bc913caaaa39c046819bbf43d06bd23c2b?s=96&d=mm&r=g","url":"https:\/\/secure.gravatar.com\/avatar\/8eaf08ef5a7e54fc91db02b2058b03bc913caaaa39c046819bbf43d06bd23c2b?s=96&d=mm&r=g","height":96,"width":96}},"publisher":{"@type":"Organization","name":"equum.cz","logo":{"@type":"ImageObject","@id":"\/logo.png","url":"\/logo.png","width":600,"height":60}},"image":{"@type":"ImageObject","@id":"https:\/\/www.equum.cz\/wp-content\/uploads\/img_a339896_w3185_t1552992961.jpg","url":"https:\/\/www.equum.cz\/wp-content\/uploads\/img_a339896_w3185_t1552992961.jpg","height":0,"width":0},"url":"https:\/\/www.equum.cz\/dum-na-prani-muzete-mit-i-vy\/","about":["Pen\u00edze"],"wordCount":418,"articleBody":" Hled\u00e1te zp\u016fsob, jak si po\u0159\u00eddit vlastn\u00ed bydlen\u00ed? Nem\u00e1te mnoho pen\u011bz, kter\u00e9 k tomuto \u00fa\u010delu m\u016f\u017eete vyu\u017e\u00edt? Sly\u0161eli jste o levn\u00fdch mobiln\u00edch domech, ale nev\u00edte, co si o nich m\u00e1te myslet? Mobiln\u00edch dom\u016f se rozhodn\u011b b\u00e1t nemus\u00edte. Jedn\u00e1 se o opravdu levn\u00fd zp\u016fsob, jak si po\u0159\u00eddit vlastn\u00ed st\u0159echu nad hlavou, a p\u0159itom se rozhodn\u011b nemus\u00edte ob\u00e1vat, \u017ee byste za\u017eili zklam\u00e1n\u00ed. Jedn\u00e1 se o plnohodnotn\u00fd zp\u016fsob bydlen\u00ed, kter\u00fd je pln\u011b srovnateln\u00fd s \u017eivotem v klasick\u00e9m m\u011bstsk\u00e9m byt\u011b men\u0161\u00edch rozm\u011br\u016f. M\u016f\u017eete si po\u0159\u00eddit pln\u011b vybaven\u00fd celoro\u010dn\u00ed mobiln\u00ed d\u016fm, stejn\u011b tak jako sez\u00f3nn\u00ed stavbu k rekrea\u010dn\u00edm \u00fa\u010del\u016fm. A rovn\u011b\u017e m\u016f\u017ee b\u00fdt v\u00e1\u0161 mobiln\u00ed d\u016fm nov\u00fd, sestaven\u00fd podle va\u0161ich p\u0159\u00e1n\u00ed, anebo o n\u011bco levn\u011bj\u0161\u00ed, ji\u017e pou\u017eit\u00fd. A\u0165 u\u017e si zvol\u00edte tak \u010di onak, jist\u00e9 je, \u017ee s t\u00edmto typem stavby budete pln\u011b spokojeni. Jasn\u00e9 tedy je, \u017ee mobiln\u00ed d\u016fm m\u016f\u017eete m\u00edt ji\u017e za zlomek ceny klasick\u00e9 stavby. Jak je to ale s jeho vnit\u0159n\u00edm vybaven\u00edm? Jak ji\u017e bylo \u0159e\u010deno, vnit\u0159n\u00edmi dispozicemi se takov\u00e9 bydlen\u00ed p\u0159\u00edli\u0161 neli\u0161\u00ed od klasick\u00e9ho men\u0161\u00edho m\u011bstsk\u00e9ho bytu. Najdete v n\u011bm v\u0161echny m\u00edstnosti, kter\u00e9 tam m\u00edt chcete, a tak\u00e9 v\u0161echny p\u0159\u00edpojky na energie, o kter\u00e9 budete m\u00edt z\u00e1jem, stejn\u011b jako v\u0161echny v\u00e1mi obl\u00edben\u00e9 spot\u0159ebi\u010de. Nov\u00fd mobiln\u00ed d\u016fm si m\u016f\u017eete nechat postavit na m\u00edru va\u0161im p\u0159edstav\u00e1m. Ov\u0161em abyste m\u011bli jasno v tom, co konkr\u00e9tn\u011b m\u016f\u017eete od takov\u00e9ho bydlen\u00ed o\u010dek\u00e1vat, tak je nejlep\u0161\u00ed, kdy\u017e je\u0161t\u011b p\u0159ed jeho v\u00fdb\u011brem zam\u00ed\u0159\u00edte do centra vzorov\u00fdch dom\u016f, kde si v\u0161e d\u016fkladn\u011b prohl\u00e9dnete. Jakmile si vlastn\u00ed mobiln\u00ed d\u016fm zvol\u00edte, tak u\u017e v\u00e1s od vlastn\u00edho bydlen\u00ed d\u011bl\u00ed jen n\u011bkolik m\u00e1lo m\u011bs\u00edc\u016f pot\u0159ebn\u00fdch k tomu, aby v\u00fdrobce v\u00e1\u0161 dome\u010dek vyrobil, vybavil a dovezl jej na v\u00e1mi ur\u010den\u00e9 m\u00edsto. Tam ho odborn\u011b usad\u00ed, a okam\u017eit\u011b pot\u00e9 m\u016f\u017eete za\u010d\u00edt bydlet. \u017d\u00e1dn\u00e9 \u00fa\u0159edn\u00ed povolen\u00ed, ani jin\u00e9 povinnosti k tomu nejsou pot\u0159eba, nicm\u00e9n\u011b kdy\u017e budete cht\u00edt, m\u016f\u017eete si snadno sjednat \u010d\u00edslo popisn\u00e9.                                                                                                                                                                                                                                                                                                                                                                                         5\/5 - (1 vote)        "},{"@context":"https:\/\/schema.org\/","@type":"BreadcrumbList","itemListElement":[{"@type":"ListItem","position":1,"name":"D\u016fm na p\u0159\u00e1n\u00ed m\u016f\u017eete m\u00edt i vy","item":"https:\/\/www.equum.cz\/dum-na-prani-muzete-mit-i-vy\/#breadcrumbitem"}]}]