[{"@context":"https:\/\/schema.org\/","@type":"Article","@id":"https:\/\/www.equum.cz\/co-delat-s-malymi-detmi\/#Article","mainEntityOfPage":"https:\/\/www.equum.cz\/co-delat-s-malymi-detmi\/","headline":"Co d\u011blat s mal\u00fdmi d\u011btmi?","name":"Co d\u011blat s mal\u00fdmi d\u011btmi?","description":"Kdy\u017e se dva lid\u00e9 miluj\u00ed, v\u011bt\u0161inou dojde na to, \u017ee spolu cht\u011bj\u00ed m\u00edt d\u00edt\u011b, a tedy&#46;&#46;&#46;","datePublished":"2023-02-24","dateModified":"2023-04-26","author":{"@type":"Person","@id":"https:\/\/www.equum.cz\/author\/#Person","name":"","url":"https:\/\/www.equum.cz\/author\/","identifier":1,"image":{"@type":"ImageObject","@id":"https:\/\/secure.gravatar.com\/avatar\/8eaf08ef5a7e54fc91db02b2058b03bc913caaaa39c046819bbf43d06bd23c2b?s=96&d=mm&r=g","url":"https:\/\/secure.gravatar.com\/avatar\/8eaf08ef5a7e54fc91db02b2058b03bc913caaaa39c046819bbf43d06bd23c2b?s=96&d=mm&r=g","height":96,"width":96}},"publisher":{"@type":"Organization","name":"equum.cz","logo":{"@type":"ImageObject","@id":"\/logo.png","url":"\/logo.png","width":600,"height":60}},"image":{"@type":"ImageObject","@id":"https:\/\/www.equum.cz\/wp-content\/uploads\/darling-5143091__340.jpg","url":"https:\/\/www.equum.cz\/wp-content\/uploads\/darling-5143091__340.jpg","height":0,"width":0},"url":"https:\/\/www.equum.cz\/co-delat-s-malymi-detmi\/","about":["V\u00fdrobky"],"wordCount":480,"articleBody":"         Kdy\u017e se dva lid\u00e9 miluj\u00ed, v\u011bt\u0161inou dojde na to, \u017ee spolu cht\u011bj\u00ed m\u00edt d\u00edt\u011b, a tedy i zanechat za sebou n\u011bjak\u00fd ten odkaz. Kdy\u017e se jim to poda\u0159\u00ed, je to dob\u0159e, proto\u017ee c\u00edlem v\u0161eho \u017eiv\u00e9ho je se rozmno\u017eovat, a takt\u00e9\u017e i u lid\u00ed. Ne v\u0161ichni lid\u00e9 jsou ale spolehliv\u00ed na to, aby mohli m\u00edt d\u00edt\u011b a starat se o n\u011bj plnohodnotn\u011b. M\u00edt d\u00edt\u011b je hold dost velk\u00e1 starost a mus\u00edte myslet poprv\u00e9 v \u017eivot\u011b na n\u011bco jin\u00e9ho ne\u017e na sebe, co\u017e n\u011bkte\u0159\u00ed lid\u00e9 moc neum\u00ed. N\u011bkte\u0159\u00ed neum\u00ed myslet na jin\u00e9 a boj\u00ed se pr\u00e1v\u011b toho, \u017ee narozen\u00edm d\u00edt\u011bte nebudou m\u00edt na sebe ani kousek \u010dasu. To je sice \u0161patn\u00e1 obava a takov\u00fd \u010dlov\u011bk by ani d\u00edt\u011b m\u00edt nem\u011bl, ale na druhou stranu je dobr\u00e9 si uk\u00e1zat, jak to doopravdy je. Toto je le\u017e, nemus\u00ed to tak v\u016fbec b\u00fdt, d\u00edt\u011b by v\u00e1m ani nem\u011blo vz\u00edt cel\u00fd v\u00e1\u0161 \u010das na sebe. Ov\u0161em n\u011bkdy se to stane, o tom \u017e\u00e1dn\u00e1, ale vy sami to nesm\u00edte dovolit a mus\u00edte se sna\u017eit o to, aby v\u00e1m d\u00edt\u011b v\u00e1\u0161 \u010das nevzalo.Pokud jste dote\u010f b\u011bhali, sna\u017ete se ud\u011blat v\u0161e proto, abyste mohli b\u011bhat d\u00e1l. Po\u0159i\u010fte si t\u0159eba ko\u010d\u00e1rek kunert, kter\u00fd v\u00e1m k b\u011bh\u00e1n\u00ed pom\u016f\u017ee a m\u016f\u017eete b\u011bhat i s d\u00edt\u011btem. Ono bude sp\u00e1t, vy ho budete m\u00edt u sebe a budete nav\u00edc d\u011blat to, co sami chcete a co v\u00e1s osobn\u011b napl\u0148uje. Pokud se budete tohoto dr\u017eet, budete \u0161\u0165astn\u00ed jak vy, tak i d\u00edt\u011b. Nav\u00edc s d\u00edt\u011btem se d\u00e1 d\u011blat opravdu cokoliv, d\u00e1 se s n\u00edm i cestovat, jen si o tom mus\u00edte n\u011bco nastudovat a neb\u00fdt \u00fapln\u011b lev\u00ed, proto\u017ee se to m\u016f\u017ee st\u00e1t velmi nebezpe\u010dn\u00fdm, kdy\u017e se dost nestar\u00e1te o bezpe\u010dnost a ned\u011bl\u00e1te n\u011bco dob\u0159e. D\u00edt\u011b ale opravdu nemus\u00ed b\u00fdt p\u0159ek\u00e1\u017eka k ni\u010demu, v\u0161echno se s n\u00edm d\u00e1 d\u011blat. S d\u00edt\u011btem m\u016f\u017eete tedy nejen cestovat, jak u\u017e jsme v\u00fd\u0161e zm\u00ednili, nebo b\u011bhat, ale s d\u00edt\u011btem m\u016f\u017eete nap\u0159\u00edklad i plavat, m\u016f\u017eete s n\u00edm chodit i do kav\u00e1rny jako dote\u010f, m\u016f\u017eete jezdit na dovolenou. Pokud ho ale nechcete s sebou tahat, dejte ho jednodu\u0161e n\u011bkomu na hl\u00edd\u00e1n\u00ed a u\u017eijte si \u010das pro sebe, nen\u00ed to sobectv\u00ed, ale je to pot\u0159eba ka\u017ed\u00e9ho z n\u00e1s.                                                                                                                                                                                                                                                                                                                                                                                          3\/5 - (2 votes)        "},{"@context":"https:\/\/schema.org\/","@type":"BreadcrumbList","itemListElement":[{"@type":"ListItem","position":1,"name":"Co d\u011blat s mal\u00fdmi d\u011btmi?","item":"https:\/\/www.equum.cz\/co-delat-s-malymi-detmi\/#breadcrumbitem"}]}]