[{"@context":"https:\/\/schema.org\/","@type":"Article","@id":"https:\/\/www.equum.cz\/abyste-meli-vodu-kristalovou-cele-leto\/#Article","mainEntityOfPage":"https:\/\/www.equum.cz\/abyste-meli-vodu-kristalovou-cele-leto\/","headline":"Abyste m\u011bli vodu k\u0159i\u0161\u0165\u00e1lovou cel\u00e9 l\u00e9to","name":"Abyste m\u011bli vodu k\u0159i\u0161\u0165\u00e1lovou cel\u00e9 l\u00e9to","description":"Jaro jako na houpa\u010dce Po n\u011bkolika minul\u00fdch letech u\u017e jsme zapomn\u011bli, jak\u00e9 m\u00e1 jaro opravdu b\u00fdt.&#46;&#46;&#46;","datePublished":"2021-03-16","dateModified":"2021-03-16","author":{"@type":"Person","@id":"https:\/\/www.equum.cz\/author\/#Person","name":"","url":"https:\/\/www.equum.cz\/author\/","identifier":1,"image":{"@type":"ImageObject","@id":"https:\/\/secure.gravatar.com\/avatar\/8eaf08ef5a7e54fc91db02b2058b03bc913caaaa39c046819bbf43d06bd23c2b?s=96&d=mm&r=g","url":"https:\/\/secure.gravatar.com\/avatar\/8eaf08ef5a7e54fc91db02b2058b03bc913caaaa39c046819bbf43d06bd23c2b?s=96&d=mm&r=g","height":96,"width":96}},"publisher":{"@type":"Organization","name":"equum.cz","logo":{"@type":"ImageObject","@id":"\/logo.png","url":"\/logo.png","width":600,"height":60}},"image":{"@type":"ImageObject","@id":"https:\/\/www.equum.cz\/wp-content\/uploads\/pr%C3%A1ce_na_zahrad%C4%9B_1.jpg","url":"https:\/\/www.equum.cz\/wp-content\/uploads\/pr%C3%A1ce_na_zahrad%C4%9B_1.jpg","height":0,"width":0},"url":"https:\/\/www.equum.cz\/abyste-meli-vodu-kristalovou-cele-leto\/","about":["V\u00fdrobky"],"wordCount":455,"articleBody":"       Jaro jako na houpa\u010dcePo n\u011bkolika minul\u00fdch letech u\u017e jsme zapomn\u011bli, jak\u00e9 m\u00e1 jaro opravdu b\u00fdt. Proto\u017ee to, co za\u017e\u00edv\u00e1me letos je t\u00e9m\u011b\u0159 v norm\u011b. Jak to? Kdy\u017e si otev\u0159eme jak\u00fdkoliv \u010dl\u00e1nek o po\u010das\u00ed, do\u010dteme se, \u017ee teploty budou pr\u016fm\u011brn\u00e9 nebo lehce podpr\u016fm\u011brn\u00e9. Pro na\u0161e podm\u00ednky jsou takov\u00e9to teploty v dubnu norm\u00e1ln\u00ed. Jen jsme si b\u011bhem minul\u00fdch let zvykli na to, \u017ee po zim\u011b p\u0159i\u0161lo rovnou l\u00e9to s teplotami kolem dvaceti stup\u0148\u016f. Bylo to sice p\u0159\u00edjemn\u00e9, ale pro p\u0159\u00edrodu naprosto nep\u0159irozen\u00e9. Na prvn\u00edho m\u00e1je jsme potom jen obt\u00ed\u017en\u011b hledali rozkvetl\u00fd strom, t\u0159e\u0161n\u011b kvetly maxim\u00e1ln\u011b na hor\u00e1ch. Hold se budeme je\u0161t\u011b muset na n\u011bjak\u00fd \u010das obl\u00e9knout do bund a na teplej\u0161\u00ed po\u010das\u00ed po\u010dkat.Aby bylo l\u00e9to podle p\u0159edstav\u010cas od \u010dasu se n\u011bkolik p\u011bkn\u00fdch dn\u00ed objev\u00ed a my m\u016f\u017eeme vyrazit na zahradu \u010di chatu nebo chalupu. \u010clov\u011bk se nalad\u00ed, zlep\u0161\u00ed se mu n\u00e1lada, ne\u017e zase p\u0159ijdou chladn\u00e9 a zata\u017een\u00e9 dny. Prvn\u00ed sek\u00e1n\u00ed tr\u00e1vy n\u00e1s v\u011bt\u0161inou teprve \u010dek\u00e1, ale pr\u00e1ce na zahrad\u011b je i tak dost.Ost\u0159\u00edhat stromky a ke\u0159e, provzdu\u0161nit tr\u00e1vn\u00edk, um\u00fdt zahradn\u00ed n\u00e1bytek, nas\u00e1zet sadbu do sklen\u00edku a mnoho dal\u0161\u00edho. A abyste si u\u017eili l\u00e9to opravdu naplno, m\u016f\u017eete nachystat prostor pod baz\u00e9n. Pokud chcete nadzemn\u00ed baz\u00e9n, vyrovnejte ter\u00e9n, ide\u00e1ln\u00ed je p\u00edsek a klidn\u011b i fl\u00eds. Pokud chcete baz\u00e9n do zem\u011b, firma, od kter\u00e9 budete baz\u00e9n po\u0159izovat, v\u00e1m bu\u010f v\u0161e p\u0159iprav\u00ed, nebo poskytne podklady. A co v\u00e1s \u010dek\u00e1 potom?Baz\u00e9n jako mo\u0159eAbyste m\u011bli kr\u00e1sn\u011b pr\u016fzra\u010dnou vodu, je t\u0159eba trocha teorie. Ka\u017ed\u00e1 voda, a\u0165 u\u017e ji napust\u00edte ze studny nebo nato\u010d\u00edte z \u0159\u00e1du, m\u00e1 ur\u010dit\u00e9 pH. Pokud budete cht\u00edt vodu udr\u017eet pr\u016fzra\u010dnou, budete muset toto pH zm\u011b\u0159it a podle toho pou\u017e\u00edvat chlor.Bu\u010f chlor plus nebo chlor minus, co\u017e z\u00e1le\u017e\u00ed na tom, jestli je pH kysel\u00e9 nebo z\u00e1sadit\u00e9. M\u011bli byste ho m\u011b\u0159it alespo\u0148 jednou za t\u00fdden a tak\u00e9 vod\u011b dop\u0159\u00e1t chlor shock. Filtrace by m\u011bla b\u011b\u017eet ka\u017ed\u00fd den alespo\u0148 deset hodin a ob\u010das m\u016f\u017eete pou\u017e\u00edt i vodn\u00ed vysava\u010d. A pokud v\u00e1m p\u0159ijde p\u0159\u00edli\u0161 drah\u00fd, posta\u010d\u00ed jemn\u00e9 ko\u0161t\u011b a zapnut\u00e1 filtrace. Kr\u00e1sn\u00e9 mokr\u00e9 l\u00e9to v\u0161em.                                                                                                                                                                                                                                                                                                                                                                                          4.5\/5 - (4 votes)        "},{"@context":"https:\/\/schema.org\/","@type":"BreadcrumbList","itemListElement":[{"@type":"ListItem","position":1,"name":"Abyste m\u011bli vodu k\u0159i\u0161\u0165\u00e1lovou cel\u00e9 l\u00e9to","item":"https:\/\/www.equum.cz\/abyste-meli-vodu-kristalovou-cele-leto\/#breadcrumbitem"}]}]